{"id":151,"date":"2018-12-18T09:57:02","date_gmt":"2018-12-18T09:57:02","guid":{"rendered":"http:\/\/glueckspilz-mona.de\/?p=151"},"modified":"2018-12-22T09:37:51","modified_gmt":"2018-12-22T09:37:51","slug":"meine-diagnose-und-behandlung","status":"publish","type":"post","link":"http:\/\/glueckspilz-mona.de\/?p=151","title":{"rendered":"Meine Diagnose und Behandlung"},"content":{"rendered":"\t\t<div data-elementor-type=\"wp-post\" data-elementor-id=\"151\" class=\"elementor elementor-151 elementor-bc-flex-widget\">\n\t\t\t\t\t\t<section class=\"elementor-section elementor-top-section elementor-element elementor-element-76e03a6d elementor-section-boxed elementor-section-height-default elementor-section-height-default\" data-id=\"76e03a6d\" data-element_type=\"section\" data-e-type=\"section\">\n\t\t\t\t\t\t<div class=\"elementor-container elementor-column-gap-default\">\n\t\t\t\t\t<div class=\"elementor-column elementor-col-100 elementor-top-column elementor-element elementor-element-6233d560\" data-id=\"6233d560\" data-element_type=\"column\" data-e-type=\"column\">\n\t\t\t<div class=\"elementor-widget-wrap elementor-element-populated\">\n\t\t\t\t\t\t<div class=\"elementor-element elementor-element-474ca105 elementor-widget elementor-widget-text-editor\" data-id=\"474ca105\" data-element_type=\"widget\" data-e-type=\"widget\" data-widget_type=\"text-editor.default\">\n\t\t\t\t<div class=\"elementor-widget-container\">\n\t\t\t\t\t\t\t\t\t<p><\/p>\n<p class=\"has-text-color\" style=\"color: #080101; text-align: left;\"><span style=\"color: #000000;\">Sommer 2018. Ich treibe viel Sport und jogge regelm\u00e4\u00dfig, denn ich hatte mir vorgenommen, dieses Jahr endlich einen Halbmarathon zu laufen.\u00a0 Doch seit einiger Zeit st\u00f6rt mich etwas beim Training. Immer wieder, von Zeit zu Zeit mehr, sehe ich verschwommen und Doppelbilder. Lange Zeit habe ich es ignoriert, doch irgendwann fing ich an zu stolpern, und umzuknicken. Ich war dadurch abgelenkt und konnte den Sport nicht mehr genie\u00dfen.\u00a0<\/span><br \/><span style=\"color: #000000;\">Nach einiger Zeit hatte ich die Symptome nicht mehr nur beim Sport, sondern auch in Alltagssituationen.<\/span><br \/><span style=\"color: #000000;\">So bin ich dann also endlich zum Augenarzt gegangen. Ich kam mir dabei eigentlich total doof vor, denn ich wusste, dass nichts mit meinen Augen sein w\u00fcrde. Ich kann gut sehen und habe eine Sehkraft von 100%. Nun ja, wie erwartet konnte man mir nicht direkt helfen und ich bekam eine \u00dcberweisung f\u00fcr ein MRT des Sch\u00e4dels.<\/span><br \/><span style=\"color: #000000;\">Ich fand das ziemlich merkw\u00fcrdig und bescheuert, doch ich habe trotzdem einen Termin vereinbart. Ich wollte das Problem schlie\u00dflich los werden und mich wieder voll und ganz auf das Training konzentrieren k\u00f6nnen.<\/span><br \/><span style=\"color: #000000;\">Ein paar Tage vor dem Termin, habe ich \u00fcberlegt ihn abzusagen, weil ich mir sicher war, dass man nichts au\u00dfergew\u00f6hnliches feststellen w\u00fcrde.\u00a0<\/span><br \/><span style=\"color: #000000;\">Letztendlich bin ich dann doch hin, zum Gl\u00fcck!<\/span><\/p>\n<p style=\"text-align: left;\"><span style=\"color: #000000;\"><\/span><\/p>\n<p style=\"text-align: left;\"><span style=\"color: #000000;\">Ich lag schon ein paar Minuten in der R\u00f6hre, bis man mich raus holte um mir einen Tumormarker zu spritzen. Anschlie\u00dfend war ich f\u00fcr weitere 10-15 Minuten in der R\u00f6hre.\u00a0<\/span><br \/><span style=\"color: #000000;\">Ich war kurz verunsichert wegen des Tumormarkers, doch ich konnte mich schnell beruhigen und mir einreden, dass das noch nichts zu bedeuten haben muss und Routine sei.<\/span><br \/><span style=\"color: #000000;\">Als ich aus der R\u00f6hre raus kam, sagte mir die Dame vom Ger\u00e4t, dass der Arzt mich gleich sprechen m\u00f6chte. &#8222;Na gut. Dann sagt der mir gleich, das nichts festgestellt werden konnte&#8220;, dachte ich mir.<\/span><\/p>\n<p style=\"text-align: left;\"><span style=\"color: #000000;\"><\/span><\/p>\n<p style=\"text-align: left;\"><span style=\"color: #000000;\">Als ich in das Sprechzimmer kam, sah ich schon Bilder eines Sch\u00e4dels auf seinen Bildschirmen.<\/span><br \/><span style=\"color: #000000;\">Der Arzt erkl\u00e4rte mir mit trauriger Stimme, dass da etwas auf dem Bildern zu sehen ist, was da so nicht hingeh\u00f6rt. <\/span><br \/><span style=\"color: #000000;\">Mehr erfuhr ich an dem Tag nicht. Es war ein Freitag, der 24.08.2018, das Datum werde ich nie vergessen. Er riet mir dazu, am kommenden Montag mit meinem Hausarzt dar\u00fcber zu sprechen.<\/span><br \/><span style=\"color: #000000;\">Ich ging also und fuhr zur Arbeit. Ich wusste nicht wie ich \u00fcber diese Information denken, oder was ich f\u00fchlen sollte.<\/span><\/p>\n<p style=\"text-align: left;\"><span style=\"color: #000000;\"><\/span><\/p>\n<p style=\"text-align: left;\"><span style=\"color: #000000;\">Am Montag, den 27.08.2018 (wieder ein wichtiges Datum f\u00fcr mich) begleitete mich Nikolaj zu unserem Hausarzt, welcher uns dann in ein Krankenhaus meiner Wahl schickte. Also fuhren wir nach M\u00fcnster in die Uniklinik, wo man das erste Mal von einem Tumor gesprochen hatte. Er erkl\u00e4rte mir, dass der Tumor auf meinem Sehnerv sitzt und daher die Symptome kommen.<\/span><br \/><span style=\"color: #000000;\">Der Neurochirurg untersuchte mich und kl\u00e4rte mich \u00fcber den n\u00e4chsten Schritt auf.<\/span><\/p>\n<p style=\"text-align: left;\"><span style=\"color: #000000;\"><\/span><\/p>\n<p style=\"text-align: left;\"><span style=\"color: #000000;\">Am 5. September wurde eine Biopsie durchgef\u00fchrt. Eine Probenentnahme des Tumors, um herausfinden zu k\u00f6nnen, um was f\u00fcr einen Tumor es sich handelt. Daf\u00fcr wurde ein Loch in meinen Kopf gebohrt, welches ungef\u00e4hr die Gr\u00f6\u00dfe einer M\u00fcnze hat.<\/span><br \/><span style=\"color: #000000;\">Ich habe die Operation gut \u00fcberstanden und konnte nach einem Tag auf der Intensivstation wieder auf die normale Station. Ich war wirklich gut und schnell wieder auf den Beinen und durfte nach nur sechs Tagen das Krankenhaus verlassen und zur\u00fcck nach Hause.\u00a0<\/span><\/p>\n<p style=\"text-align: left;\"><span style=\"color: #000000;\"><\/span><\/p>\n<p style=\"text-align: left;\"><span style=\"color: #000000;\">Eine Woche sp\u00e4ter waren Nikolaj und ich zur Besprechung des Tumors und der Therapie wieder im Krankenhaus.\u00a0<\/span><br \/><span style=\"color: #000000;\">In der Zwischenzeit erhielt ich einen Bericht aus der Klinik nach Hause, von einer Untersuchung (PET-MR) die noch vor der Op stattgefunden hatte. in dem es hie\u00df, dass es sich m\u00f6glicherweise um einen hochgradig malignen hirneigenen\u00a0 Tumor handelt.<\/span><br \/><span style=\"color: #000000;\">M\u00d6GLICHERWEISE! Was f\u00fcr eine schreckliche und doch so ungewisse Nachricht, die uns allen Angst machte.<\/span><br \/><span style=\"color: #000000;\">Ich hatte den Brief bei der Besprechung dabei und bat um Erkl\u00e4rung.\u00a0<\/span><\/p>\n<p style=\"text-align: left;\"><span style=\"color: #000000;\"><\/span><\/p>\n<p style=\"text-align: left;\"><span style=\"color: #000000;\">An dem Tag gab man mir eine falsche Auskunft. Man sagte mir, dass es sich um einen gutartigen Tumor handelt und als Therapie eine Radio-Chemotherapie vorgeschlagen wird. Operieren kam nicht in Frage, denn der Tumor sitzt ziemlich ung\u00fcnstig und es w\u00fcrde zu viele Gefahren mit sich bringen.<\/span><\/p>\n<p style=\"text-align: left;\"><span style=\"color: #000000;\"><\/span><\/p>\n<p style=\"text-align: left;\"><span style=\"color: #000000;\">Wieder eine Woche sp\u00e4ter, hat mein Vater mich zu dem n\u00e4chten Termin begleitet. Die Therapie sollte besprochen werden.<\/span><br \/><span style=\"color: #000000;\">Ich habe mich auf das Gespr\u00e4ch gut vorbereitet und mir einige Fragen notiert.\u00a0<\/span><br \/><span style=\"color: #000000;\">Der Arzt war sehr nett und offen f\u00fcr all meine Frage. Nun aber zu DER Frage. Ich fragte ihn, warum ich denn die Chemotherapie, eine so aggressive Therapie machen muss, wenn mein Tumor doch gutartig ist?<\/span><br \/><span style=\"color: #000000;\">Der Arzt verstummte und schaute uns mit gro\u00dfen Augen an. Er sprach:&#8220;Tut mir leid, aber Ihr Tumor ist alles andere als gutartig.&#8220;<\/span><\/p>\n<p style=\"text-align: left;\"><span style=\"color: #000000;\"><\/span><\/p>\n<p style=\"text-align: left;\"><span style=\"color: #000000;\">Nachfolgend hat er sich sehr viel Zeit f\u00fcr uns genommen und uns alles erkl\u00e4rt.<\/span><\/p>\n<p style=\"text-align: left;\"><span style=\"color: #000000;\"><\/span><\/p>\n<p style=\"text-align: left;\"><span style=\"color: #000000;\">Da hatte ich dann meine Diagnose. Ein <b>diffuses Mittelliniengliom (Grad IV WHO<\/b>).<\/span><\/p>\n<p style=\"text-align: left;\"><span style=\"color: #000000;\"><\/span><\/p>\n<p style=\"text-align: left;\"><span style=\"color: #000000;\">All unsere Freude der Woche zuvor, war nun dahin. Das war ein ziemlicher Schlag und es dauerte seine Zeit, bis all meine Liebsten und ich das realisiert und verarbeitet haben.<\/span><\/p>\n<p style=\"text-align: left;\"><span style=\"color: #000000;\"><\/span><\/p>\n<p style=\"text-align: left;\"><span style=\"color: #000000;\">Nikolaj und ich haben unseren geplanten Urlaub nach Annecy\/Frankreich storniert, denn zu dem Zeitpunkt sollte ich dann schon mit meiner Therapie gestartet sein. Wir wollten uns unseren Urlaub aber nicht ganz nehmen lassen und haben uns spontan dazu entschieden, f\u00fcr ein paar Tage, noch vor Beginn der Therapie zu fliehen und nach Colmar, Frankreich zu fahren.\u00a0<\/span><br \/><span style=\"color: #000000;\">Wir wollten gerade los, da klingelte das Handy und die Klinik war am Ende der anderen Leitung.<\/span><\/p>\n<p style=\"text-align: left;\"><span style=\"color: #000000;\"><\/span><\/p>\n<p style=\"text-align: left;\"><span style=\"color: #000000;\">Man erkl\u00e4rte uns, dass es nun wohl doch die M\u00f6glichkeit gibt, den Tumor mittels einer Operation um einen Teil entfernen zu k\u00f6nnen. Dazu sollten wir Anfang der n\u00e4chsten Woche in die Klinik kommen.<\/span><br \/><span style=\"color: #000000;\">Voller Vorfreude fuhren wir in unseren Kurzurlaub.<\/span><\/p>\n<p style=\"text-align: left;\"><span style=\"color: #000000;\"><\/span><\/p>\n<p style=\"text-align: left;\"><span style=\"color: #000000;\">Den darauffolgenden Montag waren wir dann wieder in M\u00fcnster, in der Klinik und hatten das Gespr\u00e4ch mit dem Professor, der die Operation erm\u00f6glicht.<\/span><br \/><span style=\"color: #000000;\">Das Gespr\u00e4ch verlief gut und endete indem ich mich f\u00fcr diese Operation entschied.\u00a0<\/span><br \/><span style=\"color: #000000;\">Die Operation w\u00fcrde nicht einfach sein und viele Risiken mit sich bringen, dennoch kam f\u00fcr mich nichts anderes in Frage. Denn das Ziel der Radiochemotherapie w\u00e4re gewesen, das Wachstum zu stoppen, sprich der Tumor w\u00e4re trotzdem weiterhin in der Gr\u00f6\u00dfe da und k\u00f6nnte jederzeit wieder fr\u00f6hlich anfangen zu wachsen.\u00a0<\/span><br \/><span style=\"color: #000000;\">Doch ist schon ein Teil des Tumors entfernt, besteht die M\u00f6glichkeit, mittels der Therapie den Tumor um einen weiteren Teil, oder auch ganz verschwinden zu lassen.<\/span><\/p>\n<p style=\"text-align: left;\"><span style=\"color: #000000;\"><\/span><\/p>\n<p style=\"text-align: left;\"><span style=\"color: #000000;\">Am 16.10.2018 fand die geplante Operation statt. Dieses Mal wurde kein kleines Loch gebohrt, sondern die Sch\u00e4deldecke wurde entnommen und sp\u00e4ter wieder eingesetzt. Wie schon erw\u00e4hnt ist es keine Operation, die Tag t\u00e4glich stattfindet, dementsprechend wurde auch ungef\u00e4hr 10 Stunden operiert.\u00a0<\/span><br \/><span style=\"color: #000000;\">Wieder durfte ich nach nur einer Nacht auf der Intensivstation auf die normale verlegt werden. Die Operation ist gut verlaufen und der geplante Teil des Tumors konnte entfernt werden. Das Risiko, das m\u00f6glicherweise der Teil des Hirns gesch\u00e4digt wird, der f\u00fcr den Bewegungsapparat der linken Seite zust\u00e4ndig ist, ist nicht eingetreten. Ich konnte von Anfang an alles bewegen und war auch nach dieser Operation schnell wieder auf den Beinen und dufte nach einer Woche das Krankenhaus verlassen.<\/span><\/p>\n<p style=\"text-align: left;\"><span style=\"color: #000000;\"><\/span><\/p>\n<p style=\"text-align: left;\"><span style=\"color: #000000;\">Doch leider leide ich nun an einer Hemianopsie. Einer Beeintr\u00e4chtigung des Sehfeldes. Vielleicht wird das wieder. Man wei\u00df nicht wie lange der Tumor den Sehnerv schon eingeklemmt hatte und es wurde lange operiert. Nerven sind empfindlich und deswegen muss man dem einfach mehr Zeit zur Erholung geben. Ich bin guter Dinge, dass das auch mit der Zeit wieder besser wird.<\/span><\/p>\n<p style=\"text-align: left;\"><span style=\"color: #000000;\"><\/span><\/p>\n<p style=\"text-align: left;\"><span style=\"color: #000000;\">Zu Beginn fiel es mir schwer damit zurecht zu kommen und ich verlor die Lust auf alles. Ich konnte weder lesen, fernsehen und brauchte sehr lange um Nachrichten verschicken zu k\u00f6nnen.<\/span><br \/><span style=\"color: #000000;\">Mittlerweile komme ich besser damit klar, kann wieder lesen (wenn auch deutlich langsamer), fernsehen und wie ihr merkt auch schreiben. Am Handy, sowie am Laptop. Es dauert alles halt nur etwas l\u00e4nger und Nikolaj muss Korrektur lesen, da ich nicht jedes Leerzeichen, Komma, Punkte oder Schreibfehler sehe.\u00a0<\/span><\/p>\n<p style=\"text-align: left;\"><span style=\"color: #000000;\"><\/span><\/p>\n<p style=\"text-align: left;\"><span style=\"color: #000000;\">Nach einer gewissen Zeit, in der meine Wunde heilen konnte, startete ich mit der Therapie.\u00a0<\/span><br \/><span style=\"color: #000000;\">F\u00fcnf mal die Woche Bestrahlung in der Klinik und zeitgleich nehme ich jeden Tag Tabletten als Chemotherapie ein.\u00a0<\/span><\/p>\n<p style=\"text-align: left;\"><span style=\"color: #000000;\"><\/span><\/p>\n<p style=\"text-align: left;\"><span style=\"color: #000000;\">Ich bin froh, im August noch vor meinem Befund (also mit Hirntumor) den Halbmarathon gelaufen zu sein und optimistisch, n\u00e4chstes Jahr meine Zeit zu verbessern. \ud83d\ude42<\/span><br \/><span style=\"color: #000000;\">Gleichzeitig bin ich dankbar und freue mich dar\u00fcber, alles so gut \u00fcberstanden zu haben und so gro\u00dfes Gl\u00fcck in der Situation zu haben, dass ich von so vielen guten \u00c4rzten behandelt werde.<\/span><\/p>\n<p style=\"text-align: left;\"><span style=\"color: #000000;\"><\/span><\/p>\n<p style=\"text-align: left;\"><span style=\"color: #000000;\">In einem anderen Bericht werde ich dann genauer auf die Therapie eingehen, doch f\u00fcr heute reicht es erstmal. Der Beitrag ist lang genug. Hoffentlich nicht zu lang!<\/span><\/p>\n<p style=\"text-align: left;\"><span style=\"color: #000000;\"><\/span><\/p>\n<p style=\"text-align: left;\"><span style=\"color: #000000;\">Ganz liebe Gr\u00fc\u00dfe, eure Mona.<\/span><\/p>\n<p style=\"text-align: center;\"><em><span style=\"color: #000000;\">F\u00fcr dankbare Menschen, macht das Gl\u00fcck gerne \u00dcberstunden.<br \/>&#8211; Ernst Ferstl<\/span><\/em><\/p>\n<p><span style=\"color: #000000;\">\u00a0<\/span><\/p>\n<p><\/p>\n<p><!--EndFragment--><\/p>\n<p><\/p>\n<p><\/p>\t\t\t\t\t\t\t\t<\/div>\n\t\t\t\t<\/div>\n\t\t\t\t\t<\/div>\n\t\t<\/div>\n\t\t\t\t\t<\/div>\n\t\t<\/section>\n\t\t\t\t<\/div>\n\t\t","protected":false},"excerpt":{"rendered":"<p>Sommer 2018. Ich treibe viel Sport und jogge regelm\u00e4\u00dfig, denn ich hatte mir vorgenommen, dieses Jahr endlich einen Halbmarathon zu laufen.\u00a0 Doch seit einiger Zeit st\u00f6rt mich etwas beim Training. Immer wieder, von Zeit zu Zeit mehr, sehe ich verschwommen und Doppelbilder. Lange Zeit habe ich es ignoriert, doch irgendwann fing ich an zu stolpern, [&hellip;]<\/p>\n","protected":false},"author":1,"featured_media":0,"comment_status":"open","ping_status":"open","sticky":false,"template":"","format":"standard","meta":{"ocean_post_layout":"","ocean_both_sidebars_style":"","ocean_both_sidebars_content_width":0,"ocean_both_sidebars_sidebars_width":0,"ocean_sidebar":"0","ocean_second_sidebar":"0","ocean_disable_margins":"enable","ocean_add_body_class":"","ocean_shortcode_before_top_bar":"","ocean_shortcode_after_top_bar":"","ocean_shortcode_before_header":"","ocean_shortcode_after_header":"","ocean_has_shortcode":"","ocean_shortcode_after_title":"","ocean_shortcode_before_footer_widgets":"","ocean_shortcode_after_footer_widgets":"","ocean_shortcode_before_footer_bottom":"","ocean_shortcode_after_footer_bottom":"","ocean_display_top_bar":"default","ocean_display_header":"default","ocean_header_style":"","ocean_center_header_left_menu":"0","ocean_custom_header_template":"0","ocean_custom_logo":0,"ocean_custom_retina_logo":0,"ocean_custom_logo_max_width":0,"ocean_custom_logo_tablet_max_width":0,"ocean_custom_logo_mobile_max_width":0,"ocean_custom_logo_max_height":0,"ocean_custom_logo_tablet_max_height":0,"ocean_custom_logo_mobile_max_height":0,"ocean_header_custom_menu":"0","ocean_menu_typo_font_family":"0","ocean_menu_typo_font_subset":"","ocean_menu_typo_font_size":0,"ocean_menu_typo_font_size_tablet":0,"ocean_menu_typo_font_size_mobile":0,"ocean_menu_typo_font_size_unit":"px","ocean_menu_typo_font_weight":"","ocean_menu_typo_font_weight_tablet":"","ocean_menu_typo_font_weight_mobile":"","ocean_menu_typo_transform":"","ocean_menu_typo_transform_tablet":"","ocean_menu_typo_transform_mobile":"","ocean_menu_typo_line_height":0,"ocean_menu_typo_line_height_tablet":0,"ocean_menu_typo_line_height_mobile":0,"ocean_menu_typo_line_height_unit":"","ocean_menu_typo_spacing":0,"ocean_menu_typo_spacing_tablet":0,"ocean_menu_typo_spacing_mobile":0,"ocean_menu_typo_spacing_unit":"","ocean_menu_link_color":"","ocean_menu_link_color_hover":"","ocean_menu_link_color_active":"","ocean_menu_link_background":"","ocean_menu_link_hover_background":"","ocean_menu_link_active_background":"","ocean_menu_social_links_bg":"","ocean_menu_social_hover_links_bg":"","ocean_menu_social_links_color":"","ocean_menu_social_hover_links_color":"","ocean_disable_title":"default","ocean_disable_heading":"default","ocean_post_title":"","ocean_post_subheading":"","ocean_post_title_style":"","ocean_post_title_background_color":"","ocean_post_title_background":0,"ocean_post_title_bg_image_position":"","ocean_post_title_bg_image_attachment":"","ocean_post_title_bg_image_repeat":"","ocean_post_title_bg_image_size":"","ocean_post_title_height":0,"ocean_post_title_bg_overlay":0.5,"ocean_post_title_bg_overlay_color":"","ocean_disable_breadcrumbs":"default","ocean_breadcrumbs_color":"","ocean_breadcrumbs_separator_color":"","ocean_breadcrumbs_links_color":"","ocean_breadcrumbs_links_hover_color":"","ocean_display_footer_widgets":"default","ocean_display_footer_bottom":"default","ocean_custom_footer_template":"0","ocean_post_oembed":"","ocean_post_self_hosted_media":"","ocean_post_video_embed":"","ocean_link_format":"","ocean_link_format_target":"self","ocean_quote_format":"","ocean_quote_format_link":"post","ocean_gallery_link_images":"off","ocean_gallery_id":[],"footnotes":""},"categories":[1],"tags":[],"class_list":["post-151","post","type-post","status-publish","format-standard","hentry","category-blogbeitraege","entry"],"_links":{"self":[{"href":"http:\/\/glueckspilz-mona.de\/index.php?rest_route=\/wp\/v2\/posts\/151","targetHints":{"allow":["GET"]}}],"collection":[{"href":"http:\/\/glueckspilz-mona.de\/index.php?rest_route=\/wp\/v2\/posts"}],"about":[{"href":"http:\/\/glueckspilz-mona.de\/index.php?rest_route=\/wp\/v2\/types\/post"}],"author":[{"embeddable":true,"href":"http:\/\/glueckspilz-mona.de\/index.php?rest_route=\/wp\/v2\/users\/1"}],"replies":[{"embeddable":true,"href":"http:\/\/glueckspilz-mona.de\/index.php?rest_route=%2Fwp%2Fv2%2Fcomments&post=151"}],"version-history":[{"count":11,"href":"http:\/\/glueckspilz-mona.de\/index.php?rest_route=\/wp\/v2\/posts\/151\/revisions"}],"predecessor-version":[{"id":164,"href":"http:\/\/glueckspilz-mona.de\/index.php?rest_route=\/wp\/v2\/posts\/151\/revisions\/164"}],"wp:attachment":[{"href":"http:\/\/glueckspilz-mona.de\/index.php?rest_route=%2Fwp%2Fv2%2Fmedia&parent=151"}],"wp:term":[{"taxonomy":"category","embeddable":true,"href":"http:\/\/glueckspilz-mona.de\/index.php?rest_route=%2Fwp%2Fv2%2Fcategories&post=151"},{"taxonomy":"post_tag","embeddable":true,"href":"http:\/\/glueckspilz-mona.de\/index.php?rest_route=%2Fwp%2Fv2%2Ftags&post=151"}],"curies":[{"name":"wp","href":"https:\/\/api.w.org\/{rel}","templated":true}]}}